{"id":1063,"date":"2023-10-23T16:39:00","date_gmt":"2023-10-23T16:39:00","guid":{"rendered":"https:\/\/kreisgruppe-augsburg.de\/?p=1063"},"modified":"2024-01-16T16:59:55","modified_gmt":"2024-01-16T16:59:55","slug":"ereignisreiches-halbjahr-fuer-die-tanzgruppe-augsburg","status":"publish","type":"post","link":"https:\/\/kreisgruppe-augsburg.de\/?p=1063","title":{"rendered":"Ereignisreiches Halbjahr f\u00fcr die Tanzgruppe Augsburg"},"content":{"rendered":"\n<p><em>Nach unserem Kronenfest und einer kurzen Sommerpause meisterte die Siebenb\u00fcrgische Tanzgruppe Augsburg seit Anfang Oktober insgesamt sieben Auftritten sowohl vor heimischem Publikum als auch zu Gast bei Freunden in Nah und Fern. Der H\u00f6hepunkt dieses straffen Programms war sicherlich die Teilnahme beim 29. Volkstanzwettbewerb der Siebenb\u00fcrgisch-S\u00e4chsischen Jugend in Deutschland (SJD), bei welchem sich die Tanzgruppe Augsburg mit dem 2. Platz belohnen konnte.<\/em><\/p>\n\n\n\n<p>Am 7. Oktober durften wir bei der Gro\u00dfen Jubil\u00e4umsfeier der Kreisgruppe Landshut zu Gast sein, bei welcher unter anderem die Siebenb\u00fcrgisch-S\u00e4chsische Jugendtanzgruppe ihr 40-j\u00e4hriges Jubil\u00e4um feierte. Es hat uns sehr gefreut, das zahlreich erschienene Publikum mit den T\u00e4nzen \u201eSchaulustig\u201c und \u201eNagelschmied\u201c zu begeistern und auf dem Jubil\u00e4umsball gemeinsam mit unseren Freunden aus Landshut zu feiern. Bereits eine Woche sp\u00e4ter, am 15. Oktober, durften wir gemeinsam mit der Siebenb\u00fcrgischen Kindertanzgruppe Augsburg bei der Lechhauser Kirchweih in Augsburg auftreten und unser heimisches Publikum mit verschiedenen Volkst\u00e4nzen erfreuen. Am darauffolgenden Samstag, dem 21. Oktober, hat es uns sehr gefreut, mit insgesamt elf Paaren nach Rosenheim zu fahren, und auf der Kulturveranstaltung des 50-j\u00e4hrigen Jubil\u00e4ums der Kreisgruppe Rosenheim den \u201eFigurenl\u00e4ndler\u201c sowie den \u201eSchaulustig\u201c zu pr\u00e4sentieren. Auch auf dieser Jubil\u00e4umsfeier wurde abends gemeinsam zur Musik der \u201ePower-Sachsen\u201c getanzt und gefeiert.<\/p>\n\n\n\n<p>Unser gro\u00dfes Highlight war dann die Teilnahme am Volkstanzwettbewerb der SJD am 28. Oktober in Heidenheim an der Brenz. Nach intensiven Monaten mit vielen Zusatzproben machten wir uns am Morgen des 28. Oktobers gemeinsam mit vielen Eltern und Freunden der Tanzgruppe auf den Weg nach Heidenheim. Zun\u00e4chst durften wir in unseren bunt gemischten Trachten unseren K\u00fcrtanz \u201eOnder de Linde\u201c pr\u00e4sentieren, bevor wir in der zweiten Tanzrunde den Pflichttanz \u201eUf am Rossboda\u201c zeigten. Beide T\u00e4nze durften wir dank unserer mitgereisten Familien und Freunden unter tosendem Applaus auff\u00fchren und hatten sichtlich Spa\u00df am Tanzen. Auch dieses Mal waren wir eine sehr junge Truppe; f\u00fcr f\u00fcnf T\u00e4nzerinnen und T\u00e4nzer war es der erste Auftritt mit der Tanzgruppe Augsburg beim Volkstanzwettbewerb und unsere j\u00fcngsten T\u00e4nzerinnen waren gerade einmal 15 Jahre alt. Umso gr\u00f6\u00dfer war die Freude, als bekanntgegeben wurde, dass wir es auf das Podium geschafft hatten und uns den Pokal f\u00fcr den zweiten Platz sogar mit unseren Freunden der Siebenb\u00fcrgisch-S\u00e4chsischen Jugendtanzgruppe aus Heidenheim teilen durften.<\/p>\n\n\n<div class=\"wp-block-image\">\n<figure class=\"aligncenter size-large\"><img loading=\"lazy\" decoding=\"async\" width=\"1024\" height=\"499\" src=\"https:\/\/kreisgruppe-augsburg.de\/wp-content\/uploads\/2024\/01\/231028-Foto-STGA-VTW-2023-1-1024x499.jpeg\" alt=\"\" class=\"wp-image-1065\" srcset=\"https:\/\/kreisgruppe-augsburg.de\/wp-content\/uploads\/2024\/01\/231028-Foto-STGA-VTW-2023-1-1024x499.jpeg 1024w, https:\/\/kreisgruppe-augsburg.de\/wp-content\/uploads\/2024\/01\/231028-Foto-STGA-VTW-2023-1-300x146.jpeg 300w, https:\/\/kreisgruppe-augsburg.de\/wp-content\/uploads\/2024\/01\/231028-Foto-STGA-VTW-2023-1-768x374.jpeg 768w, https:\/\/kreisgruppe-augsburg.de\/wp-content\/uploads\/2024\/01\/231028-Foto-STGA-VTW-2023-1-1536x749.jpeg 1536w, https:\/\/kreisgruppe-augsburg.de\/wp-content\/uploads\/2024\/01\/231028-Foto-STGA-VTW-2023-1-2048x999.jpeg 2048w, https:\/\/kreisgruppe-augsburg.de\/wp-content\/uploads\/2024\/01\/231028-Foto-STGA-VTW-2023-1-600x293.jpeg 600w, https:\/\/kreisgruppe-augsburg.de\/wp-content\/uploads\/2024\/01\/231028-Foto-STGA-VTW-2023-1-945x461.jpeg 945w\" sizes=\"auto, (max-width: 1024px) 100vw, 1024px\" \/><figcaption class=\"wp-element-caption\">Foto: Titel: Siebenb\u00fcrgische Tanzgruppe Augsburg beim Volkstanzwettbewerb<br>Fotograf: Markus Stenner<\/figcaption><\/figure>\n<\/div>\n\n\n<p>Nach dem Erfolg am Volkstanzwettbewerb konnten wir uns jedoch keine Pause g\u00f6nnen und es ging direkt weiter mit zwei Auftritten auf Veranstaltungen unserer Kreisgruppe. So durften wir am 11. November auf dem gro\u00dfen Kathreinenball in Horgau gemeinsam mit der Siebenb\u00fcrgischen Kindertanzgruppe Augsburg sowie der Siebenb\u00fcrgischen Jugendtanzgruppe M\u00fcnchen auftreten und kurz darauf auch am Kathreinenball mit der Blaskapelle am 18. November das Publikum mit unseren T\u00e4nzen erfreuen.<\/p>\n\n\n\n<p>\u00a0Bevor es in die wohlverdiente \u201eWinterpause\u201c geht, steht f\u00fcr uns noch ein wichtiger Meilenstein bevor: So feiern wir am 2. Dezember unser 45-j\u00e4hriges Bestehen mit einem kulturellen Nachmittag sowie einem Jubil\u00e4umsball mit der Rocky5 am Abend. <\/p>\n\n\n\n<p>Lisa Spielhaupter<\/p>\n\n\n\n<h2 class=\"wp-block-heading\"><\/h2>\n","protected":false},"excerpt":{"rendered":"<p>Nach unserem Kronenfest und einer kurzen Sommerpause meisterte die Siebenb\u00fcrgische Tanzgruppe Augsburg seit Anfang Oktober insgesamt sieben Auftritten sowohl vor heimischem Publikum als auch zu Gast bei Freunden in Nah und Fern. Der H\u00f6hepunkt dieses straffen Programms war sicherlich die&#8230; <a class=\"more-link\" href=\"https:\/\/kreisgruppe-augsburg.de\/?p=1063\">Weiterlesen &rarr;<\/a><\/p>\n","protected":false},"author":1,"featured_media":0,"comment_status":"open","ping_status":"open","sticky":false,"template":"","format":"standard","meta":{"ngg_post_thumbnail":0,"_jetpack_memberships_contains_paid_content":false,"footnotes":""},"categories":[1],"tags":[23],"class_list":["post-1063","post","type-post","status-publish","format-standard","hentry","category-news","tag-jubilaeum"],"jetpack_featured_media_url":"","jetpack_sharing_enabled":true,"_links":{"self":[{"href":"https:\/\/kreisgruppe-augsburg.de\/index.php?rest_route=\/wp\/v2\/posts\/1063","targetHints":{"allow":["GET"]}}],"collection":[{"href":"https:\/\/kreisgruppe-augsburg.de\/index.php?rest_route=\/wp\/v2\/posts"}],"about":[{"href":"https:\/\/kreisgruppe-augsburg.de\/index.php?rest_route=\/wp\/v2\/types\/post"}],"author":[{"embeddable":true,"href":"https:\/\/kreisgruppe-augsburg.de\/index.php?rest_route=\/wp\/v2\/users\/1"}],"replies":[{"embeddable":true,"href":"https:\/\/kreisgruppe-augsburg.de\/index.php?rest_route=%2Fwp%2Fv2%2Fcomments&post=1063"}],"version-history":[{"count":1,"href":"https:\/\/kreisgruppe-augsburg.de\/index.php?rest_route=\/wp\/v2\/posts\/1063\/revisions"}],"predecessor-version":[{"id":1066,"href":"https:\/\/kreisgruppe-augsburg.de\/index.php?rest_route=\/wp\/v2\/posts\/1063\/revisions\/1066"}],"wp:attachment":[{"href":"https:\/\/kreisgruppe-augsburg.de\/index.php?rest_route=%2Fwp%2Fv2%2Fmedia&parent=1063"}],"wp:term":[{"taxonomy":"category","embeddable":true,"href":"https:\/\/kreisgruppe-augsburg.de\/index.php?rest_route=%2Fwp%2Fv2%2Fcategories&post=1063"},{"taxonomy":"post_tag","embeddable":true,"href":"https:\/\/kreisgruppe-augsburg.de\/index.php?rest_route=%2Fwp%2Fv2%2Ftags&post=1063"}],"curies":[{"name":"wp","href":"https:\/\/api.w.org\/{rel}","templated":true}]}}